{"id":189,"date":"2015-09-07T07:08:23","date_gmt":"2015-09-07T07:08:23","guid":{"rendered":"http:\/\/mathazay.fr\/?p=189"},"modified":"2019-03-15T13:02:32","modified_gmt":"2019-03-15T11:02:32","slug":"chap-p02-geometrie-colinearite-et-droites","status":"publish","type":"post","link":"https:\/\/mathazay.fr\/?p=189","title":{"rendered":"Chapitre P02 : g\u00e9om\u00e9trie, colin\u00e9arit\u00e9 et droites"},"content":{"rendered":"<p>La <a href=\"http:\/\/mathazay.fr\/wp-content\/uploads\/2018\/09\/CarteColinearite.pdf\">carte colin\u00e9arit\u00e9 et droites<\/a><\/p>\n<p><a href=\"https:\/\/www.dropbox.com\/s\/4u8bwrarm6qsk85\/exo1Schap2.pdf?dl=0\">La feuille d&rsquo;exercices<\/a><\/p>\n<p><a href=\"https:\/\/youtu.be\/nYtosGrZHPU\">Une capsule pour retenir<\/a><\/p>\n<p><a href=\"https:\/\/www.geogebra.org\/m\/wEaW2j3d\">Une illustration GeoGebra<\/a><\/p>\n<p><a href=\"http:\/\/www.afterclasse.fr\/#!fiche\/223\/geometrie-plane\/cours-1\" target=\"_blank\" rel=\"noopener noreferrer\">Le chapitre Afterclasse<\/a><\/p>\n<p>Les chapitres Kartable :<br \/>\n1- <a href=\"https:\/\/www.kartable.fr\/premiere-s\/mathematiques\/specifique\/chapitres-5\/les-vecteurs-1\/cours\/les-vecteurs-2\/3984#\">les vecteurs<\/a><br \/>\n2- <a href=\"https:\/\/www.kartable.fr\/premiere-s\/mathematiques\/specifique\/chapitres-5\/les-equations-de-droites\/cours\/les-equations-de-droites\/3993\">les droites<\/a><\/p>\n<p>Le <a href=\"https:\/\/www.dropbox.com\/s\/bh6r2dh1zl3vh6m\/crs_geometrieplane.pdf?dl=0\">chapitre Mathazay<\/a><\/p>\n","protected":false},"excerpt":{"rendered":"<p>La carte colin\u00e9arit\u00e9 et droites La feuille d&rsquo;exercices Une capsule pour retenir Une illustration GeoGebra Le chapitre Afterclasse Les chapitres Kartable : 1- les vecteurs 2- les droites Le chapitre Mathazay<\/p>\n","protected":false},"author":2,"featured_media":0,"comment_status":"open","ping_status":"open","sticky":false,"template":"","format":"standard","meta":{"inline_featured_image":false,"_jetpack_memberships_contains_paid_content":false,"footnotes":""},"categories":[6],"tags":[41,38,39,40,36,35,42,37],"class_list":["post-189","post","type-post","status-publish","format-standard","hentry","category-premiere","tag-base","tag-colinearite","tag-droites","tag-equation-cartesienne","tag-geometrie","tag-premieres","tag-vecteur-directeur","tag-vecteurs"],"jetpack_featured_media_url":"","jetpack_sharing_enabled":true,"_links":{"self":[{"href":"https:\/\/mathazay.fr\/index.php?rest_route=\/wp\/v2\/posts\/189","targetHints":{"allow":["GET"]}}],"collection":[{"href":"https:\/\/mathazay.fr\/index.php?rest_route=\/wp\/v2\/posts"}],"about":[{"href":"https:\/\/mathazay.fr\/index.php?rest_route=\/wp\/v2\/types\/post"}],"author":[{"embeddable":true,"href":"https:\/\/mathazay.fr\/index.php?rest_route=\/wp\/v2\/users\/2"}],"replies":[{"embeddable":true,"href":"https:\/\/mathazay.fr\/index.php?rest_route=%2Fwp%2Fv2%2Fcomments&post=189"}],"version-history":[{"count":9,"href":"https:\/\/mathazay.fr\/index.php?rest_route=\/wp\/v2\/posts\/189\/revisions"}],"predecessor-version":[{"id":1382,"href":"https:\/\/mathazay.fr\/index.php?rest_route=\/wp\/v2\/posts\/189\/revisions\/1382"}],"wp:attachment":[{"href":"https:\/\/mathazay.fr\/index.php?rest_route=%2Fwp%2Fv2%2Fmedia&parent=189"}],"wp:term":[{"taxonomy":"category","embeddable":true,"href":"https:\/\/mathazay.fr\/index.php?rest_route=%2Fwp%2Fv2%2Fcategories&post=189"},{"taxonomy":"post_tag","embeddable":true,"href":"https:\/\/mathazay.fr\/index.php?rest_route=%2Fwp%2Fv2%2Ftags&post=189"}],"curies":[{"name":"wp","href":"https:\/\/api.w.org\/{rel}","templated":true}]}}